{"id":128,"date":"2013-10-27T21:05:34","date_gmt":"2013-10-27T19:05:34","guid":{"rendered":"http:\/\/www.beruehrtes-menschsein.de\/web\/?p=128"},"modified":"2021-02-13T14:19:17","modified_gmt":"2021-02-13T12:19:17","slug":"termine-letzte-lebensphase","status":"publish","type":"post","link":"https:\/\/www.beruehrtes-menschsein.de\/web\/termine-letzte-lebensphase\/","title":{"rendered":"Letzte Lebensphase"},"content":{"rendered":"<h5>Termine letzte Lebensphase<\/h5>\n<p><span style=\"color: #ff6600;\"><em>Zielgruppe<\/em><\/span><br \/>\nPflegekr\u00e4fte, \u00c4rztInnen, SeelsorgerInnen, Haupt- und ehrenamtliche in psychosozialen Berufsfeldern, T\u00e4tige aus dem Hospiz und Palliativbereich, An- und Zugeh\u00f6rige<\/p>\n<p><span style=\"color: #ff6600;\"><em>Caring and Healing<\/em><\/span><br \/>\n<strong>Training \u00e4rztlicher Kernkompetenzen<\/strong><br \/>\nLeitung: Dr.med. Klaus Platsch<br \/>\n<em><span style=\"color: #ff6600;\">Thema:<\/span> <\/em>Ber\u00fchrung in der letzten Lebensphase, Gastdozentin<br \/>\n<em><span style=\"color: #ff6600;\">Termin:<\/span> <\/em>z.Zt. kein Termin<br \/>\n<span style=\"color: #ff6600;\">Weitere Informationen:<\/span> <a title=\"www.medizinundmenschlichkeit.de\" href=\"http:\/\/www.caringandhealing.de\/termine\" target=\"_blank\" rel=\"noopener noreferrer\"><span style=\"color: #800080;\">www.caringandhealing.de<\/span><\/a><\/p>\n<p><strong>Fr\u00fchlingsakademie<\/strong><br \/>\n<em><span style=\"color: #ff6600;\">Thema:<\/span>\u00a0<\/em>Ber\u00fchrung und Ber\u00fchrtsein<br \/>\n<em><span style=\"color: #ff6600;\">Termin:<\/span> <\/em>z.Zt. kein Termin<br \/>\n<em><span style=\"color: #ff6600;\">Weitere Informationen:<\/span><\/em>\u00a0<a title=\"www.medizinundmenschlichkeit.de\" href=\"https:\/\/medizinundmenschlichkeit.de\/aktionen\/akademie\/\" target=\"_blank\" rel=\"noopener noreferrer\"><span style=\"color: #800080;\">www.medizinundmenschlichkeit.de<\/span><\/a><\/p>\n<p><strong>Palliativ-Spirituelle Ausbildung im Domicilium Weyarn<\/strong><br \/>\n<em><span style=\"color: #ff6600;\">Leitung:<\/span> <\/em>Prof. Dr. Michael von Br\u00fcck<br \/>\n<em><span style=\"color: #ff6600;\">Thema:<\/span> <\/em>Ber\u00fchrung am Sterbebett Ausbildungsblock 3, Gastdozentur<br \/>\n<em><span style=\"color: #ff6600;\">Termin:<\/span><\/em> Alle 2 Jahre &#8211; der n\u00e4chste Termin wird hier bekannt gegeben<br \/>\n<em><span style=\"color: #ff6600;\">Weitere Informationen:<\/span><\/em> <a title=\"www.domicilium-weyarn.de\" href=\"http:\/\/meditationshaus-domicilium.de\/PSF-Block_3\" target=\"_blank\" rel=\"noopener noreferrer\"><span style=\"color: #800080;\">www.domicilium-weyarn.de<\/span><\/a><\/p>\n<p>&nbsp;<\/p>\n<h6 style=\"text-align: right;\">Du ver\u00e4nderst<br \/>\ndurch deine Ber\u00fchrung<br \/>\naus dem Herzen<br \/>\ndie Welt<\/h6>\n","protected":false},"excerpt":{"rendered":"<p>Termine letzte Lebensphase Zielgruppe Pflegekr\u00e4fte, \u00c4rztInnen, SeelsorgerInnen, Haupt- und ehrenamtliche in psychosozialen Berufsfeldern, T\u00e4tige aus dem Hospiz und Palliativbereich, An- und Zugeh\u00f6rige Caring and Healing Training \u00e4rztlicher Kernkompetenzen Leitung: Dr.med. Klaus Platsch Thema: Ber\u00fchrung in der letzten Lebensphase, Gastdozentin Termin: z.Zt. kein Termin Weitere Informationen: www.caringandhealing.de Fr\u00fchlingsakademie Thema:\u00a0Ber\u00fchrung und Ber\u00fchrtsein Termin: z.Zt. kein Termin Weitere &hellip; <a href=\"https:\/\/www.beruehrtes-menschsein.de\/web\/termine-letzte-lebensphase\/\" class=\"more-link\"><span class=\"screen-reader-text\">Letzte Lebensphase<\/span> weiterlesen <span class=\"meta-nav\">&rarr;<\/span><\/a><\/p>\n","protected":false},"author":1,"featured_media":0,"comment_status":"closed","ping_status":"closed","sticky":false,"template":"","format":"video","meta":{"footnotes":""},"categories":[13],"tags":[],"class_list":["post-128","post","type-post","status-publish","format-video","hentry","category-termine","post_format-post-format-video"],"aioseo_notices":[],"_links":{"self":[{"href":"https:\/\/www.beruehrtes-menschsein.de\/web\/wp-json\/wp\/v2\/posts\/128","targetHints":{"allow":["GET"]}}],"collection":[{"href":"https:\/\/www.beruehrtes-menschsein.de\/web\/wp-json\/wp\/v2\/posts"}],"about":[{"href":"https:\/\/www.beruehrtes-menschsein.de\/web\/wp-json\/wp\/v2\/types\/post"}],"author":[{"embeddable":true,"href":"https:\/\/www.beruehrtes-menschsein.de\/web\/wp-json\/wp\/v2\/users\/1"}],"replies":[{"embeddable":true,"href":"https:\/\/www.beruehrtes-menschsein.de\/web\/wp-json\/wp\/v2\/comments?post=128"}],"version-history":[{"count":42,"href":"https:\/\/www.beruehrtes-menschsein.de\/web\/wp-json\/wp\/v2\/posts\/128\/revisions"}],"predecessor-version":[{"id":976,"href":"https:\/\/www.beruehrtes-menschsein.de\/web\/wp-json\/wp\/v2\/posts\/128\/revisions\/976"}],"wp:attachment":[{"href":"https:\/\/www.beruehrtes-menschsein.de\/web\/wp-json\/wp\/v2\/media?parent=128"}],"wp:term":[{"taxonomy":"category","embeddable":true,"href":"https:\/\/www.beruehrtes-menschsein.de\/web\/wp-json\/wp\/v2\/categories?post=128"},{"taxonomy":"post_tag","embeddable":true,"href":"https:\/\/www.beruehrtes-menschsein.de\/web\/wp-json\/wp\/v2\/tags?post=128"}],"curies":[{"name":"wp","href":"https:\/\/api.w.org\/{rel}","templated":true}]}}